{"id":1310,"date":"2014-08-23T18:46:56","date_gmt":"2014-08-23T16:46:56","guid":{"rendered":"http:\/\/www.123moulin.fr\/wp\/?p=1310"},"modified":"2014-08-23T18:46:56","modified_gmt":"2014-08-23T16:46:56","slug":"6-septembre-2014-concours-delevages-chevaux-de-trait","status":"publish","type":"post","link":"https:\/\/www.123moulin.fr\/wp\/?p=1310","title":{"rendered":"6 SEPTEMBRE 2014 : CONCOURS d\u2019ELEVAGES CHEVAUX de TRAIT"},"content":{"rendered":"<p style=\"text-align: justify;\">\n[D]\u00e9j\u00e0 familiers dans les paysages de la commune, les chevaux de traits s\u2019invitent \u00e0 Ceyrat pour concourir dans un classement \u00abmod\u00e8les et allures\u00bb, ceci pour la deuxi\u00e8me ann\u00e9e cons\u00e9cutive.<\/p>\n<p style=\"text-align: justify;\">[L]abellis\u00e9e par les Haras Nationaux et le Syndicat des Eleveurs, encourag\u00e9e par la Commune et le conseil G\u00e9n\u00e9ral, cette manifestation se d\u00e9roulera dans le clos du Moulin de la Tranch\u00e8re, \u00e0 partir de 9h. Ces concours organisent la rencontre entre le public et les \u00e9leveurs, et permettent de s\u00e9lectionner les sujets les plus repr\u00e9sentatifs des races, qui participeront ensuite \u00e0 des \u00e9preuves identiques, \u00e0 diff\u00e9rents niveaux : d\u00e9partemental, r\u00e9gional et national.<\/p>\n<p style=\"text-align: justify;\">[L]\u2019acc\u00e8s gratuit au site s\u2019effectuera \u00e0 pieds ou en cal\u00e8ches depuis le parking de l\u2019Art\u00e9nium. Une restauration rapide sera servie sur place par des commer\u00e7ants de Ceyrat. Diverses animations et pr\u00e9sentations se d\u00e9rouleront tout au long de la journ\u00e9e qui se terminera avec la remise des Prix.((http:\/\/chevaux.123moulin.fr)<\/p>\n<p style=\"text-align: justify;\"><a href=\"https:\/\/www.123moulin.fr\/wp\/wp-content\/uploads\/2014\/08\/ardes.jpg\"><img loading=\"lazy\" decoding=\"async\" class=\"aligncenter size-full wp-image-1311\" src=\"https:\/\/www.123moulin.fr\/wp\/wp-content\/uploads\/2014\/08\/ardes.jpg\" alt=\"ardes\" width=\"800\" height=\"600\" srcset=\"https:\/\/www.123moulin.fr\/wp\/wp-content\/uploads\/2014\/08\/ardes.jpg 800w, https:\/\/www.123moulin.fr\/wp\/wp-content\/uploads\/2014\/08\/ardes-300x225.jpg 300w\" sizes=\"auto, (max-width: 800px) 100vw, 800px\" \/><\/a><\/p>\n<p>&nbsp;<\/p>\n","protected":false},"excerpt":{"rendered":"<p>[D]\u00e9j\u00e0 familiers dans les paysages de la commune, les chevaux de traits s\u2019invitent \u00e0 Ceyrat pour concourir dans un classement \u00abmod\u00e8les et allures\u00bb, ceci pour la deuxi\u00e8me ann\u00e9e cons\u00e9cutive. [L]abellis\u00e9e par les Haras Nationaux et le Syndicat des Eleveurs, encourag\u00e9e &hellip; <a href=\"https:\/\/www.123moulin.fr\/wp\/?p=1310\">Continuer la lecture <span class=\"meta-nav\">&rarr;<\/span><\/a><\/p>\n","protected":false},"author":1,"featured_media":0,"comment_status":"open","ping_status":"open","sticky":false,"template":"","format":"standard","meta":{"footnotes":""},"categories":[9],"tags":[13,223,201],"class_list":["post-1310","post","type-post","status-publish","format-standard","hentry","category-animation","tag-ceyrat","tag-chevaux-comtois","tag-concours"],"_links":{"self":[{"href":"https:\/\/www.123moulin.fr\/wp\/index.php?rest_route=\/wp\/v2\/posts\/1310","targetHints":{"allow":["GET"]}}],"collection":[{"href":"https:\/\/www.123moulin.fr\/wp\/index.php?rest_route=\/wp\/v2\/posts"}],"about":[{"href":"https:\/\/www.123moulin.fr\/wp\/index.php?rest_route=\/wp\/v2\/types\/post"}],"author":[{"embeddable":true,"href":"https:\/\/www.123moulin.fr\/wp\/index.php?rest_route=\/wp\/v2\/users\/1"}],"replies":[{"embeddable":true,"href":"https:\/\/www.123moulin.fr\/wp\/index.php?rest_route=%2Fwp%2Fv2%2Fcomments&post=1310"}],"version-history":[{"count":1,"href":"https:\/\/www.123moulin.fr\/wp\/index.php?rest_route=\/wp\/v2\/posts\/1310\/revisions"}],"predecessor-version":[{"id":1312,"href":"https:\/\/www.123moulin.fr\/wp\/index.php?rest_route=\/wp\/v2\/posts\/1310\/revisions\/1312"}],"wp:attachment":[{"href":"https:\/\/www.123moulin.fr\/wp\/index.php?rest_route=%2Fwp%2Fv2%2Fmedia&parent=1310"}],"wp:term":[{"taxonomy":"category","embeddable":true,"href":"https:\/\/www.123moulin.fr\/wp\/index.php?rest_route=%2Fwp%2Fv2%2Fcategories&post=1310"},{"taxonomy":"post_tag","embeddable":true,"href":"https:\/\/www.123moulin.fr\/wp\/index.php?rest_route=%2Fwp%2Fv2%2Ftags&post=1310"}],"curies":[{"name":"wp","href":"https:\/\/api.w.org\/{rel}","templated":true}]}}