{"id":1327,"date":"2014-09-26T08:39:59","date_gmt":"2014-09-26T06:39:59","guid":{"rendered":"http:\/\/www.123moulin.fr\/wp\/?p=1327"},"modified":"2014-09-26T08:39:59","modified_gmt":"2014-09-26T06:39:59","slug":"le-moulin-entre-dans-lautomne","status":"publish","type":"post","link":"https:\/\/www.123moulin.fr\/wp\/?p=1327","title":{"rendered":"Le Moulin entre dans l&rsquo;automne &#8230;."},"content":{"rendered":"<p style=\"text-align: justify;\">[A]vec l&rsquo;arriv\u00e9e de l&rsquo;automne, les activit\u00e9s du Moulin se mettent en sommeil jusqu&rsquo;au T\u00e9l\u00e9thon (5..6 d\u00e9cembre). Mais les Compagnons vont veiller sur l&rsquo;ouvrage, et r\u00e9aliser quelques travaux. Merci encore aux Compagnons pour leur activisme au service du patrimoine, aux partenaires, et aux nombreux visiteurs qui nous encouragent tout au long de l&rsquo;ann\u00e9e.<\/p>\n<p style=\"text-align: justify;\">[E]nfin, depuis le 21 Septembre, le Moulin s&rsquo;est enrichi d&rsquo;un fenestrou, dont la d\u00e9coration rend hommage \u00e0 notre pass\u00e9 vigneron. C&rsquo;est le travail de Jean Claude QUESNE qui a veill\u00e9 \u00e0 pr\u00e9server la pierre blanche de Ceyrat et y apporter des touches d\u00e9coratives mais surtout comm\u00e9moratives : la coquille saint jacques, qui \u00e9voque un pass\u00e9 tr\u00e8s religieux et le chemin de Compostelle, la serpette et la grappe li\u00e9es \u00e0 la vigne, ainsi que la vip\u00e8re aspic qui fr\u00e9quentait beaucoup les vignobles. Derri\u00e8re cette petite fen\u00eatre qui pourrait s&rsquo;inclure dans un mur de s\u00e9paration, une tonne ou une source, le vigneron gardait au frais son bousset ou sa chopine.<a href=\"https:\/\/www.123moulin.fr\/wp\/wp-content\/uploads\/2014\/09\/fenestrou_du_vigneron.jpg\" target=\"_blank\"><img loading=\"lazy\" decoding=\"async\" class=\"aligncenter wp-image-1328 size-full\" title=\"Fenestrou du vigneron\" src=\"https:\/\/www.123moulin.fr\/wp\/wp-content\/uploads\/2014\/09\/fenestrou_du_vigneron.jpg\" alt=\"fenestrou_du_vigneron\" width=\"437\" height=\"778\" srcset=\"https:\/\/www.123moulin.fr\/wp\/wp-content\/uploads\/2014\/09\/fenestrou_du_vigneron.jpg 437w, https:\/\/www.123moulin.fr\/wp\/wp-content\/uploads\/2014\/09\/fenestrou_du_vigneron-169x300.jpg 169w\" sizes=\"auto, (max-width: 437px) 100vw, 437px\" \/><\/a><\/p>\n","protected":false},"excerpt":{"rendered":"<p>[A]vec l&rsquo;arriv\u00e9e de l&rsquo;automne, les activit\u00e9s du Moulin se mettent en sommeil jusqu&rsquo;au T\u00e9l\u00e9thon (5..6 d\u00e9cembre). Mais les Compagnons vont veiller sur l&rsquo;ouvrage, et r\u00e9aliser quelques travaux. Merci encore aux Compagnons pour leur activisme au service du patrimoine, aux partenaires, &hellip; <a href=\"https:\/\/www.123moulin.fr\/wp\/?p=1327\">Continuer la lecture <span class=\"meta-nav\">&rarr;<\/span><\/a><\/p>\n","protected":false},"author":1,"featured_media":0,"comment_status":"open","ping_status":"open","sticky":false,"template":"","format":"standard","meta":{"footnotes":""},"categories":[1],"tags":[230,101,231],"class_list":["post-1327","post","type-post","status-publish","format-standard","hentry","category-vocabu","tag-fenestrou","tag-jean-claude-quesne","tag-vigneron"],"_links":{"self":[{"href":"https:\/\/www.123moulin.fr\/wp\/index.php?rest_route=\/wp\/v2\/posts\/1327","targetHints":{"allow":["GET"]}}],"collection":[{"href":"https:\/\/www.123moulin.fr\/wp\/index.php?rest_route=\/wp\/v2\/posts"}],"about":[{"href":"https:\/\/www.123moulin.fr\/wp\/index.php?rest_route=\/wp\/v2\/types\/post"}],"author":[{"embeddable":true,"href":"https:\/\/www.123moulin.fr\/wp\/index.php?rest_route=\/wp\/v2\/users\/1"}],"replies":[{"embeddable":true,"href":"https:\/\/www.123moulin.fr\/wp\/index.php?rest_route=%2Fwp%2Fv2%2Fcomments&post=1327"}],"version-history":[{"count":1,"href":"https:\/\/www.123moulin.fr\/wp\/index.php?rest_route=\/wp\/v2\/posts\/1327\/revisions"}],"predecessor-version":[{"id":1329,"href":"https:\/\/www.123moulin.fr\/wp\/index.php?rest_route=\/wp\/v2\/posts\/1327\/revisions\/1329"}],"wp:attachment":[{"href":"https:\/\/www.123moulin.fr\/wp\/index.php?rest_route=%2Fwp%2Fv2%2Fmedia&parent=1327"}],"wp:term":[{"taxonomy":"category","embeddable":true,"href":"https:\/\/www.123moulin.fr\/wp\/index.php?rest_route=%2Fwp%2Fv2%2Fcategories&post=1327"},{"taxonomy":"post_tag","embeddable":true,"href":"https:\/\/www.123moulin.fr\/wp\/index.php?rest_route=%2Fwp%2Fv2%2Ftags&post=1327"}],"curies":[{"name":"wp","href":"https:\/\/api.w.org\/{rel}","templated":true}]}}